{"id":225,"date":"2025-06-08T11:36:36","date_gmt":"2025-06-08T09:36:36","guid":{"rendered":"https:\/\/www.luxus-hotel-moebel.de\/?p=225"},"modified":"2025-06-08T11:39:31","modified_gmt":"2025-06-08T09:39:31","slug":"internationaler-erfolg-fuer-luxus-moebel-hersteller-casa-padrino-auszeichnung-bei-den-cannes-filmfestspielen-2025","status":"publish","type":"post","link":"https:\/\/www.luxus-hotel-moebel.de\/?p=225","title":{"rendered":"Internationaler Erfolg f\u00fcr Luxus M\u00f6bel Hersteller Casa Padrino \u2013 Auszeichnung bei den Cannes Filmfestspielen 2025"},"content":{"rendered":"\n<p><strong>Internationale Auszeichnung f\u00fcr Casa Padrino<\/strong><\/p>\n\n\n\n<p>Die Luxusm\u00f6belmarke Casa Padrino, gegr\u00fcndet von Marvin Schertl, wurde bei den renommierten World Design &amp; Lifestyle Awards 2025 f\u00fcr ihre herausragenden Leistungen im Bereich exklusives M\u00f6beldesign und Interior-Art ausgezeichnet. Die Preisverleihung fand im Rahmen der Filmfestspiele in Cannes statt und unterstreicht den internationalen Einfluss und die gestalterische Qualit\u00e4t der Marke.<\/p>\n\n\n\n<p><strong>Bedeutung der Auszeichnung in Cannes<\/strong><\/p>\n\n\n\n<p>Die Ehrung im Umfeld der Filmfestspiele in Cannes \u2013 einem der weltweit bedeutendsten Ereignisse f\u00fcr Film, Design und Lifestyle \u2013 hebt Casa Padrino in den Kreis international anerkannter Luxusmarken. Besonders gew\u00fcrdigt wurde der kreative Einfluss der M\u00f6bel in internationalen Filmproduktionen sowie im gehobenen Hotel- und Eventbereich. Die Designs von Casa Padrino finden sich heute in VIP-Lounges, Filmsets, Luxusvillen und exklusiven Hotels rund um den Globus.<\/p>\n\n\n\n<p><strong>Gestaltungsstil und Philosophie<\/strong><\/p>\n\n\n\n<p>Casa Padrino steht f\u00fcr luxuri\u00f6se M\u00f6bel im Stil vergangener Jahrhunderte und kombiniert opulente \u00c4sthetik mit handwerklicher Pr\u00e4zision. Die Kollektionen orientieren sich an barocken, neoklassizistischen, Jugendstil- und Art-d\u00e9co-Vorbildern. Verwendet werden hochwertige Materialien wie Bronze, Blattgold, feine Stoffe, Marmor und Massivholz, gefertigt in spezialisierten europ\u00e4ischen Werkst\u00e4tten.<\/p>\n\n\n\n<p><strong>Zusammenarbeit mit prominenten Partnern<\/strong><\/p>\n\n\n\n<p>Das Unternehmen arbeitet mit bekannten Designern wie Harald Gl\u00f6\u00f6ckler zusammen, mit dem die Kollektion &#8222;Pomp\u00f6\u00f6s by Casa Padrino&#8220; entwickelt wurde. Zu den Kunden z\u00e4hlen internationale Modemarken wie Gucci, Louboutin oder Roberto Cavalli, ebenso wie Filmproduktionen, exklusive Hotels und Eventagenturen.<\/p>\n\n\n\n<p><strong>Fazit<\/strong><\/p>\n\n\n\n<p>Die Auszeichnung in Cannes 2025 stellt einen bedeutenden Meilenstein f\u00fcr Casa Padrino dar. Sie w\u00fcrdigt nicht nur das k\u00fcnstlerische und handwerkliche K\u00f6nnen, sondern st\u00e4rkt auch die internationale Positionierung der Marke im Segment der Luxusm\u00f6bel. Die Berichterstattung auf Plattformen wie OpenPR unterstreicht die wachsende Relevanz von Casa Padrino in der internationalen Designszene.<\/p>\n\n\n\n<p><\/p>\n\n\n\n<p class=\"has-small-font-size\">Foto: Viresh Goerdin<br>Auf dem Foto sind Unternehmerin <strong>Anna Stukkert<\/strong>, Moderatorin <strong>Alina Kremss<\/strong>, Designer und Casa Padrino-Gr\u00fcnder <strong>Marvin Schertl<\/strong> sowie <strong>Dr. Sina Schertl<\/strong> w\u00e4hrend der feierlichen Preisverleihung im Rahmen der Filmfestspiele in <strong>Cannes 2025<\/strong> zu sehen. Die Aufnahme zeigt den Moment der \u00dcbergabe des internationalen Designpreises an das Ehepaar Schertl im exklusiven <strong>Pavillon Royal<\/strong>. In festlicher Abendgarderobe nehmen Marvin und Dr. Sina Schertl die Troph\u00e4e entgegen, w\u00e4hrend Anna Stukkert und Alina Kremss applaudieren und moderieren.<\/p>\n","protected":false},"excerpt":{"rendered":"<p>Internationale Auszeichnung f\u00fcr Casa Padrino Die Luxusm\u00f6belmarke Casa Padrino, gegr\u00fcndet von Marvin Schertl, wurde bei den renommierten World Design &amp; Lifestyle Awards 2025 f\u00fcr ihre herausragenden Leistungen im Bereich exklusives M\u00f6beldesign und Interior-Art ausgezeichnet. Die Preisverleihung fand im Rahmen der Filmfestspiele in Cannes statt und unterstreicht den internationalen Einfluss und die gestalterische Qualit\u00e4t der Marke. &hellip; <a href=\"https:\/\/www.luxus-hotel-moebel.de\/?p=225\" class=\"more-link\"><span class=\"screen-reader-text\">\u201eInternationaler Erfolg f\u00fcr Luxus M\u00f6bel Hersteller Casa Padrino \u2013 Auszeichnung bei den Cannes Filmfestspielen 2025\u201c<\/span> weiterlesen<\/a><\/p>\n","protected":false},"author":1,"featured_media":226,"comment_status":"closed","ping_status":"","sticky":false,"template":"","format":"standard","meta":[],"categories":[1],"tags":[14,6,12,11,10,13,15],"_links":{"self":[{"href":"https:\/\/www.luxus-hotel-moebel.de\/index.php?rest_route=\/wp\/v2\/posts\/225"}],"collection":[{"href":"https:\/\/www.luxus-hotel-moebel.de\/index.php?rest_route=\/wp\/v2\/posts"}],"about":[{"href":"https:\/\/www.luxus-hotel-moebel.de\/index.php?rest_route=\/wp\/v2\/types\/post"}],"author":[{"embeddable":true,"href":"https:\/\/www.luxus-hotel-moebel.de\/index.php?rest_route=\/wp\/v2\/users\/1"}],"replies":[{"embeddable":true,"href":"https:\/\/www.luxus-hotel-moebel.de\/index.php?rest_route=%2Fwp%2Fv2%2Fcomments&post=225"}],"version-history":[{"count":3,"href":"https:\/\/www.luxus-hotel-moebel.de\/index.php?rest_route=\/wp\/v2\/posts\/225\/revisions"}],"predecessor-version":[{"id":229,"href":"https:\/\/www.luxus-hotel-moebel.de\/index.php?rest_route=\/wp\/v2\/posts\/225\/revisions\/229"}],"wp:featuredmedia":[{"embeddable":true,"href":"https:\/\/www.luxus-hotel-moebel.de\/index.php?rest_route=\/wp\/v2\/media\/226"}],"wp:attachment":[{"href":"https:\/\/www.luxus-hotel-moebel.de\/index.php?rest_route=%2Fwp%2Fv2%2Fmedia&parent=225"}],"wp:term":[{"taxonomy":"category","embeddable":true,"href":"https:\/\/www.luxus-hotel-moebel.de\/index.php?rest_route=%2Fwp%2Fv2%2Fcategories&post=225"},{"taxonomy":"post_tag","embeddable":true,"href":"https:\/\/www.luxus-hotel-moebel.de\/index.php?rest_route=%2Fwp%2Fv2%2Ftags&post=225"}],"curies":[{"name":"wp","href":"https:\/\/api.w.org\/{rel}","templated":true}]}}