{"id":55,"date":"2016-07-01T01:06:33","date_gmt":"2016-06-30T23:06:33","guid":{"rendered":"http:\/\/luxus-hotel-moebel.de\/?p=55"},"modified":"2016-07-01T01:08:17","modified_gmt":"2016-06-30T23:08:17","slug":"casa-padrino-buecherschraenke-im-barocken-stil-fuer-eine-luxurioese-buero-einrichtung","status":"publish","type":"post","link":"https:\/\/www.luxus-hotel-moebel.de\/?p=55","title":{"rendered":"Casa Padrino B\u00fccherschr\u00e4nke im barocken Stil f\u00fcr eine luxuri\u00f6se B\u00fcro-Einrichtung"},"content":{"rendered":"<p>Casa Padrino Barock B\u00fccherschr\u00e4nke machen aus Ihr B\u00fcro einen prunkvollen Palast.<\/p>\n<p>&nbsp;<\/p>\n<figure id=\"attachment_56\" aria-describedby=\"caption-attachment-56\" style=\"width: 204px\" class=\"wp-caption alignnone\"><a href=\"http:\/\/www.barockgrosshandel.de\/casa-padrino-barock-buecherschrank-weiss-hochglanz-gold-b-110-x-h-169-cm-buecherregal-regal-schrank\/a-94905\/\"><img decoding=\"async\" loading=\"lazy\" class=\"wp-image-56 size-medium\" src=\"http:\/\/luxus-hotel-moebel.de\/wp-content\/uploads\/2016\/07\/Casa-Padrino-Barock-Buecher-Regal-Schrank-Weiss-Gold-204x300.jpg\" alt=\"Casa Padrino Barock B\u00fccher Regal Schrank - B\u00fcro Einrichtung\" width=\"204\" height=\"300\" srcset=\"https:\/\/www.luxus-hotel-moebel.de\/wp-content\/uploads\/2016\/07\/Casa-Padrino-Barock-Buecher-Regal-Schrank-Weiss-Gold-204x300.jpg 204w, https:\/\/www.luxus-hotel-moebel.de\/wp-content\/uploads\/2016\/07\/Casa-Padrino-Barock-Buecher-Regal-Schrank-Weiss-Gold.jpg 408w\" sizes=\"(max-width: 204px) 85vw, 204px\" \/><\/a><figcaption id=\"caption-attachment-56\" class=\"wp-caption-text\">Casa Padrino Barock B\u00fccher Regal Schrank &#8211; B\u00fcro Einrichtung<\/figcaption><\/figure>\n","protected":false},"excerpt":{"rendered":"<p>Casa Padrino Barock B\u00fccherschr\u00e4nke machen aus Ihr B\u00fcro einen prunkvollen Palast. &nbsp;<\/p>\n","protected":false},"author":1,"featured_media":0,"comment_status":"open","ping_status":"open","sticky":false,"template":"","format":"standard","meta":[],"categories":[1],"tags":[9,6,7,8],"_links":{"self":[{"href":"https:\/\/www.luxus-hotel-moebel.de\/index.php?rest_route=\/wp\/v2\/posts\/55"}],"collection":[{"href":"https:\/\/www.luxus-hotel-moebel.de\/index.php?rest_route=\/wp\/v2\/posts"}],"about":[{"href":"https:\/\/www.luxus-hotel-moebel.de\/index.php?rest_route=\/wp\/v2\/types\/post"}],"author":[{"embeddable":true,"href":"https:\/\/www.luxus-hotel-moebel.de\/index.php?rest_route=\/wp\/v2\/users\/1"}],"replies":[{"embeddable":true,"href":"https:\/\/www.luxus-hotel-moebel.de\/index.php?rest_route=%2Fwp%2Fv2%2Fcomments&post=55"}],"version-history":[{"count":2,"href":"https:\/\/www.luxus-hotel-moebel.de\/index.php?rest_route=\/wp\/v2\/posts\/55\/revisions"}],"predecessor-version":[{"id":58,"href":"https:\/\/www.luxus-hotel-moebel.de\/index.php?rest_route=\/wp\/v2\/posts\/55\/revisions\/58"}],"wp:attachment":[{"href":"https:\/\/www.luxus-hotel-moebel.de\/index.php?rest_route=%2Fwp%2Fv2%2Fmedia&parent=55"}],"wp:term":[{"taxonomy":"category","embeddable":true,"href":"https:\/\/www.luxus-hotel-moebel.de\/index.php?rest_route=%2Fwp%2Fv2%2Fcategories&post=55"},{"taxonomy":"post_tag","embeddable":true,"href":"https:\/\/www.luxus-hotel-moebel.de\/index.php?rest_route=%2Fwp%2Fv2%2Ftags&post=55"}],"curies":[{"name":"wp","href":"https:\/\/api.w.org\/{rel}","templated":true}]}}